{"id":10495,"date":"2024-04-11T07:37:06","date_gmt":"2024-04-11T07:37:06","guid":{"rendered":"https:\/\/chargevite.com\/?p=10495"},"modified":"2024-07-30T14:55:16","modified_gmt":"2024-07-30T14:55:16","slug":"chargevite-en-enerxetika-2024-con-ecogal","status":"publish","type":"post","link":"https:\/\/chargevite.com\/fr\/2024\/04\/11\/chargevite-en-enerxetika-2024-con-ecogal\/","title":{"rendered":"Chargevite en Enerx\u00e9tika 2024 con Ecogal"},"content":{"rendered":"<p>Un a\u00f1o m\u00e1s, Chargevite tiene el privilegio de exponer en una de las ferias de referencia en Energ\u00eda, Enerx\u00e9tika, de la mano de Ecogal, pionera gallega en renovables, y ahora en recarga de veh\u00edculos el\u00e9ctricos.<\/p>\n\n\n\n<h3 class=\"wp-block-heading\">\u00a1\u00danete a nosotros en la feria Enerx\u00e9tika en Galicia y descubre el futuro de la movilidad sostenible con Chargevite y Ecogal!<\/h3>\n\n\n\n<p>Chargevite, l\u00edder en soluciones de carga para veh\u00edculos el\u00e9ctricos, asiste con Ecogal, expertos en tecnolog\u00edas eco-amigables, para presentarte las \u00faltimas innovaciones en movilidad sostenible.<\/p>\n\n\n\n<p>Ven y conoce nuestra gama completa de estaciones de carga para veh\u00edculos el\u00e9ctricos, dise\u00f1adas para adaptarse a tu estilo de vida y necesidades. Desde cargadores residenciales hasta soluciones comerciales, estamos aqu\u00ed para hacer que cargar tu veh\u00edculo sea conveniente, eficiente y respetuoso con el medio ambiente.<\/p>\n\n\n\n<p>Descubre c\u00f3mo podemos ayudarte a hacer la transici\u00f3n hacia un futuro m\u00e1s limpio y sostenible. Nuestro equipo estar\u00e1 encantado de mostrarte nuestras soluciones y responder a todas tus preguntas.<\/p>\n\n\n\n<p>\u00a1No te pierdas esta oportunidad de ser parte del cambio! <\/p>\n\n\n\n<p>Te esperamos en el <strong>stand de Ecogal <\/strong>en la feria Enexetica en Galicia. \u00a1Nos vemos all\u00ed!<\/p>","protected":false},"excerpt":{"rendered":"<p>Un a\u00f1o m\u00e1s, Chargevite tiene el privilegio de exponer en una de las ferias de referencia en Energ\u00eda, Enerx\u00e9tika, de la mano de Ecogal, pionera gallega en renovables, y ahora&hellip;<\/p>","protected":false},"author":2,"featured_media":10496,"comment_status":"closed","ping_status":"open","sticky":false,"template":"","format":"standard","meta":{"footnotes":""},"categories":[1],"tags":[],"class_list":["post-10495","post","type-post","status-publish","format-standard","has-post-thumbnail","hentry","category-blog"],"aioseo_notices":[],"_links":{"self":[{"href":"https:\/\/chargevite.com\/fr\/wp-json\/wp\/v2\/posts\/10495","targetHints":{"allow":["GET"]}}],"collection":[{"href":"https:\/\/chargevite.com\/fr\/wp-json\/wp\/v2\/posts"}],"about":[{"href":"https:\/\/chargevite.com\/fr\/wp-json\/wp\/v2\/types\/post"}],"author":[{"embeddable":true,"href":"https:\/\/chargevite.com\/fr\/wp-json\/wp\/v2\/users\/2"}],"replies":[{"embeddable":true,"href":"https:\/\/chargevite.com\/fr\/wp-json\/wp\/v2\/comments?post=10495"}],"version-history":[{"count":3,"href":"https:\/\/chargevite.com\/fr\/wp-json\/wp\/v2\/posts\/10495\/revisions"}],"predecessor-version":[{"id":10514,"href":"https:\/\/chargevite.com\/fr\/wp-json\/wp\/v2\/posts\/10495\/revisions\/10514"}],"wp:featuredmedia":[{"embeddable":true,"href":"https:\/\/chargevite.com\/fr\/wp-json\/wp\/v2\/media\/10496"}],"wp:attachment":[{"href":"https:\/\/chargevite.com\/fr\/wp-json\/wp\/v2\/media?parent=10495"}],"wp:term":[{"taxonomy":"category","embeddable":true,"href":"https:\/\/chargevite.com\/fr\/wp-json\/wp\/v2\/categories?post=10495"},{"taxonomy":"post_tag","embeddable":true,"href":"https:\/\/chargevite.com\/fr\/wp-json\/wp\/v2\/tags?post=10495"}],"curies":[{"name":"wp","href":"https:\/\/api.w.org\/{rel}","templated":true}]}}